{"id":3795,"date":"2023-11-17T15:42:34","date_gmt":"2023-11-17T12:42:34","guid":{"rendered":"https:\/\/harveyarasan.com\/?p=3795"},"modified":"2023-12-06T10:57:22","modified_gmt":"2023-12-06T07:57:22","slug":"responsabilites-des-dirigeants-en-matiere-de-la-cybersecurite-en-vertu-de-la-directive-nis2","status":"publish","type":"post","link":"https:\/\/harveyarasan.com\/fr\/responsabilites-des-dirigeants-en-matiere-de-la-cybersecurite-en-vertu-de-la-directive-nis2\/","title":{"rendered":"Responsabilit\u00e9s des Dirigeants en Mati\u00e8re de la Cybers\u00e9curit\u00e9 en Vertu de la Directive NIS2"},"content":{"rendered":"\n<p>La directive (UE) 2022\/2555 concernant des mesures destin\u00e9es \u00e0 assurer un niveau \u00e9lev\u00e9 commun de cybers\u00e9curit\u00e9 de d\u00e9cembre 2022 (directive NIS2) est entr\u00e9e en vigueur le 16 janvier 2023 et elle vient abroger la pr\u00e9c\u00e9dente directive (UE) 2016\/1148 sur la s\u00e9curit\u00e9 des r\u00e9seaux et des syst\u00e8mes d&rsquo;information dans l&rsquo;Union, connue sous le nom de \u00a0\u00bb directive NIS\u00a0\u00bb.<\/p>\n\n\n\n<p>La directive NIS2 a introduit des mesures de gestion des risques de cybers\u00e9curit\u00e9 et des obligations de d\u00e9claration suppl\u00e9mentaires par rapport \u00e0 la directive NIS. L&rsquo;objectif de la directive NIS2 est d&rsquo;\u00e9tablir des exigences communes en mati\u00e8re de cybers\u00e9curit\u00e9 et de mettre en \u0153uvre des mesures de cybers\u00e9curit\u00e9 dans l&rsquo;ensemble de l&rsquo;UE (Union europ\u00e9enne).<\/p>\n\n\n\n<h4 class=\"wp-block-heading\" id=\"h-obligations-et-responsabilite-des-organes-de-gestion\"><strong>Obligations et responsabilit\u00e9 des organes de gestion<\/strong><\/h4>\n\n\n\n<p>La directive NIS2 pr\u00e9voit, pour les dirigeants, de nouvelles obligations et responsabilit\u00e9s en mati\u00e8re de renforcement de la cybers\u00e9curit\u00e9. Ces nouvelles obligations n\u00e9cessitent une sensibilisation \u00e0 la cybers\u00e9curit\u00e9 de la part des dirigeants des entit\u00e9s concern\u00e9es.<\/p>\n\n\n\n<p>Deux cat\u00e9gories d&rsquo;entit\u00e9s entrent dans le champ d&rsquo;application de la directive NIS2 : (i) les entit\u00e9s importantes (EI) et (ii) les entit\u00e9s essentielles (EE) . Un large \u00e9ventail d&rsquo;organisations et de secteurs, tels que, entre autres,&nbsp;&nbsp;l&rsquo;\u00e9nergie, les transports, les soins de sant\u00e9, les infrastructures des march\u00e9s financiers, l&rsquo;eau potable, l&rsquo;administration publique ont \u00e9t\u00e9 inclus dans le champ d&rsquo;application de la directive NIS2. D&rsquo;ici le 17 avril 2025, les \u00c9tats membres \u00e9tabliront une liste d\u2019entit\u00e9s essentielles et importantes.<\/p>\n\n\n\n<p>Conform\u00e9ment \u00e0 l&rsquo;article 20 de la directive NIS2, les organes de gestion des entit\u00e9s essentielles et importantes doivent approuver les mesures de gestion des risques de cybers\u00e9curit\u00e9 prises au sein de leurs entit\u00e9s. Les organes de direction sont \u00e9galement charg\u00e9s de superviser la mise en \u0153uvre de ces mesures. Le non-respect de ces obligations peut engager la responsabilit\u00e9 des organes de direction en vertu du m\u00eame article.<\/p>\n\n\n\n<p>En vertu de la directive NIS2, les organes de direction sont \u00e9galement tenus de se familiariser avec la cybers\u00e9curit\u00e9 et de poss\u00e9der des connaissances et des comp\u00e9tences suffisantes pour identifier les cyberrisques et leur impact. L&rsquo;article 21 de la directive NIS2 impose aux entit\u00e9s d&rsquo;adopter des mesures techniques, op\u00e9rationnelles et organisationnelles appropri\u00e9es et proportionn\u00e9es pour g\u00e9rer les cyberrisques et pr\u00e9venir ou r\u00e9duire au minimum l&rsquo;impact des cyberincidents sur les destinataires de leurs services et sur d&rsquo;autres services.<\/p>\n\n\n\n<h6 class=\"wp-block-heading\" id=\"h-mesures-techniques-operationnelles-et-organisationnelles\">Mesures techniques, op\u00e9rationnelles et organisationnelles<\/h6>\n\n\n\n<p>Ces mesures comprennent au moins les \u00e9l\u00e9ments suivants:<\/p>\n\n\n\n<ol class=\"wp-block-list\">\n<li>Des politiques en mati\u00e8re d&rsquo;analyse des risques et de s\u00e9curit\u00e9 des syst\u00e8mes d&rsquo;information;<\/li>\n\n\n\n<li>Traitement des incidents ;<\/li>\n\n\n\n<li>La continuit\u00e9 des activit\u00e9s, y compris la gestion des sauvegardes et la reprise apr\u00e8s sinistre, ainsi que la gestion des crises ;<\/li>\n\n\n\n<li>S\u00e9curit\u00e9 de la cha\u00eene d&rsquo;approvisionnement ;<\/li>\n\n\n\n<li>L&rsquo;acquisition, le d\u00e9veloppement et la maintenance des r\u00e9seaux de s\u00e9curit\u00e9 et des syst\u00e8mes d&rsquo;information, le traitement et la divulgation des vuln\u00e9rabilit\u00e9s;<\/li>\n\n\n\n<li>Les politiques et les proc\u00e9dures permettant d&rsquo;\u00e9valuer l&rsquo;efficacit\u00e9 des mesures de gestion des risques li\u00e9s \u00e0 la cybers\u00e9curit\u00e9;<\/li>\n\n\n\n<li>Les pratiques de base en mati\u00e8re de cyberhygi\u00e8ne et la formation \u00e0 la cybers\u00e9curit\u00e9;<\/li>\n\n\n\n<li>Les politiques et les proc\u00e9dures relatives \u00e0 l&rsquo;utilisation de la cryptographie et du chiffrement;<\/li>\n\n\n\n<li>La s\u00e9curit\u00e9 des ressources humaines, les politiques de contr\u00f4le d&rsquo;acc\u00e8s et la gestion des actifs;<\/li>\n\n\n\n<li>L&rsquo;utilisation de solutions d&rsquo;authentification multifactorielle ou d&rsquo;authentification continue de communications vocales, vid\u00e9o et textuelles s\u00e9curis\u00e9es, et de syst\u00e8mes de communication d&rsquo;urgence s\u00e9curis\u00e9s au sein de l&rsquo;entit\u00e9.<\/li>\n<\/ol>\n\n\n\n<h4 class=\"wp-block-heading\" id=\"h-obligations-d-information-nbsp\"><strong>Obligations d&rsquo;information&nbsp;<\/strong><\/h4>\n\n\n\n<p>La directive NIS2 exige, des entit\u00e9s entrant dans son champ d\u2019application, qu&rsquo;elles informent les&nbsp;\u00e9quipes&nbsp;d&rsquo;intervention en&nbsp;cas d&rsquo;incidents li\u00e9s \u00e0 la&nbsp;(CSIRT) ou leur autorit\u00e9 comp\u00e9tente de tout incident significatif. Les entit\u00e9s doivent \u00e9galement informer leurs clients des incidents importants qui pourraient avoir une incidence sur la fourniture de leurs services respectifs.<\/p>\n\n\n\n<p>En outre, les entit\u00e9s concern\u00e9es doivent informer leurs clients de toute cybermenace importante et des mesures que ces derniers peuvent prendre pour contrer ces menaces.<\/p>\n\n\n\n<p>La directive NIS2 d\u00e9crit un incident significatif comme un incident qui (i) a caus\u00e9 ou peut causer une grave perturbation op\u00e9rationnelle du service ou une perte financi\u00e8re pour l&rsquo;entit\u00e9 concern\u00e9e, ou (ii) a affect\u00e9 ou peut affecter d&rsquo;autres personnes physiques ou morales en causant des dommages mat\u00e9riels ou immat\u00e9riels significatifs.<\/p>\n\n\n\n<p>Les \u00c9tats membres ont jusqu&rsquo;au 17 octobre 2024 pour adopter les lois nationales transposant la directive et doivent les appliquer \u00e0 partir du 18 octobre 2024. Il est important de souligner que la directive NIS2 ne s&rsquo;applique pas seulement aux entit\u00e9s \u00e9tablies dans l&rsquo;UE, mais \u00e9galement aux entit\u00e9s \u00e9tablies en dehors de l&rsquo;UE qui fournissent des services dans l&rsquo;UE.<\/p>\n","protected":false},"excerpt":{"rendered":"<p>La directive (UE) 2022\/2555 concernant des mesures destin\u00e9es \u00e0 assurer un niveau \u00e9lev\u00e9 commun de cybers\u00e9curit\u00e9 de d\u00e9cembre 2022 (directive NIS2) est entr\u00e9e en vigueur le 16 janvier 2023 et elle vient abroger la pr\u00e9c\u00e9dente directive (UE) 2016\/1148 sur la s\u00e9curit\u00e9 des r\u00e9seaux et des syst\u00e8mes d&rsquo;information dans l&rsquo;Union, connue sous le nom de \u00a0\u00bb [&hellip;]<\/p>\n","protected":false},"author":1,"featured_media":3687,"comment_status":"open","ping_status":"open","sticky":false,"template":"","format":"standard","meta":{"_acf_changed":false,"_genesis_hide_title":false,"_genesis_hide_breadcrumbs":false,"_genesis_hide_singular_image":false,"_genesis_hide_footer_widgets":false,"_genesis_custom_body_class":"","_genesis_custom_post_class":"","_genesis_layout":"","footnotes":""},"categories":[216,218],"tags":[],"class_list":{"0":"post-3795","1":"post","2":"type-post","3":"status-publish","4":"format-standard","5":"has-post-thumbnail","7":"category-corporate","8":"category-cybersecurite","9":"entry"},"acf":[],"yoast_head":"<!-- This site is optimized with the Yoast SEO Premium plugin v23.8 (Yoast SEO v23.8) - https:\/\/yoast.com\/wordpress\/plugins\/seo\/ -->\n<title>La directive NIS2 - Nouuvelles responsabilit\u00e9s pour les dirigeants -<\/title>\n<meta name=\"description\" content=\"La directive NIS2 pr\u00e9voit, pour les dirigeants, de nouvelles obligations et responsabilit\u00e9s en mati\u00e8re de renforcement de la cybers\u00e9curit\u00e9.\" \/>\n<meta name=\"robots\" content=\"index, follow, max-snippet:-1, max-image-preview:large, max-video-preview:-1\" \/>\n<link rel=\"canonical\" href=\"https:\/\/harveyarasan.com\/fr\/responsabilites-des-dirigeants-en-matiere-de-la-cybersecurite-en-vertu-de-la-directive-nis2\/\" \/>\n<meta property=\"og:locale\" content=\"fr_FR\" \/>\n<meta property=\"og:type\" content=\"article\" \/>\n<meta property=\"og:title\" content=\"Responsabilit\u00e9s des Dirigeants en Mati\u00e8re de la Cybers\u00e9curit\u00e9 en Vertu de la Directive NIS2\" \/>\n<meta property=\"og:description\" content=\"La directive NIS2 pr\u00e9voit, pour les dirigeants, de nouvelles obligations et responsabilit\u00e9s en mati\u00e8re de renforcement de la cybers\u00e9curit\u00e9.\" \/>\n<meta property=\"og:url\" content=\"https:\/\/harveyarasan.com\/fr\/responsabilites-des-dirigeants-en-matiere-de-la-cybersecurite-en-vertu-de-la-directive-nis2\/\" \/>\n<meta property=\"article:published_time\" content=\"2023-11-17T12:42:34+00:00\" \/>\n<meta property=\"article:modified_time\" content=\"2023-12-06T07:57:22+00:00\" \/>\n<meta property=\"og:image\" content=\"http:\/\/harveyarasan.com\/wp-content\/uploads\/2023\/08\/HA_CyberSecurity.jpg\" \/>\n\t<meta property=\"og:image:width\" content=\"1668\" \/>\n\t<meta property=\"og:image:height\" content=\"918\" \/>\n\t<meta property=\"og:image:type\" content=\"image\/jpeg\" \/>\n<meta name=\"author\" content=\"Deniz Eray Harvey\" \/>\n<meta name=\"twitter:card\" content=\"summary_large_image\" \/>\n<meta name=\"twitter:label1\" content=\"\u00c9crit par\" \/>\n\t<meta name=\"twitter:data1\" content=\"Deniz Eray Harvey\" \/>\n\t<meta name=\"twitter:label2\" content=\"Dur\u00e9e de lecture estim\u00e9e\" \/>\n\t<meta name=\"twitter:data2\" content=\"5 minutes\" \/>\n<script type=\"application\/ld+json\" class=\"yoast-schema-graph\">{\"@context\":\"https:\/\/schema.org\",\"@graph\":[{\"@type\":\"WebPage\",\"@id\":\"https:\/\/harveyarasan.com\/fr\/responsabilites-des-dirigeants-en-matiere-de-la-cybersecurite-en-vertu-de-la-directive-nis2\/\",\"url\":\"https:\/\/harveyarasan.com\/fr\/responsabilites-des-dirigeants-en-matiere-de-la-cybersecurite-en-vertu-de-la-directive-nis2\/\",\"name\":\"La directive NIS2 - Nouuvelles responsabilit\u00e9s pour les dirigeants -\",\"isPartOf\":{\"@id\":\"https:\/\/harveyarasan.com\/fr\/#website\"},\"primaryImageOfPage\":{\"@id\":\"https:\/\/harveyarasan.com\/fr\/responsabilites-des-dirigeants-en-matiere-de-la-cybersecurite-en-vertu-de-la-directive-nis2\/#primaryimage\"},\"image\":{\"@id\":\"https:\/\/harveyarasan.com\/fr\/responsabilites-des-dirigeants-en-matiere-de-la-cybersecurite-en-vertu-de-la-directive-nis2\/#primaryimage\"},\"thumbnailUrl\":\"https:\/\/harveyarasan.com\/wp-content\/uploads\/2023\/08\/HA_CyberSecurity.jpg\",\"datePublished\":\"2023-11-17T12:42:34+00:00\",\"dateModified\":\"2023-12-06T07:57:22+00:00\",\"author\":{\"@id\":\"https:\/\/harveyarasan.com\/fr\/#\/schema\/person\/fd0e79c5c38bc4bd55b0de4f8838d162\"},\"description\":\"La directive NIS2 pr\u00e9voit, pour les dirigeants, de nouvelles obligations et responsabilit\u00e9s en mati\u00e8re de renforcement de la cybers\u00e9curit\u00e9.\",\"breadcrumb\":{\"@id\":\"https:\/\/harveyarasan.com\/fr\/responsabilites-des-dirigeants-en-matiere-de-la-cybersecurite-en-vertu-de-la-directive-nis2\/#breadcrumb\"},\"inLanguage\":\"fr-FR\",\"potentialAction\":[{\"@type\":\"ReadAction\",\"target\":[\"https:\/\/harveyarasan.com\/fr\/responsabilites-des-dirigeants-en-matiere-de-la-cybersecurite-en-vertu-de-la-directive-nis2\/\"]}]},{\"@type\":\"ImageObject\",\"inLanguage\":\"fr-FR\",\"@id\":\"https:\/\/harveyarasan.com\/fr\/responsabilites-des-dirigeants-en-matiere-de-la-cybersecurite-en-vertu-de-la-directive-nis2\/#primaryimage\",\"url\":\"https:\/\/harveyarasan.com\/wp-content\/uploads\/2023\/08\/HA_CyberSecurity.jpg\",\"contentUrl\":\"https:\/\/harveyarasan.com\/wp-content\/uploads\/2023\/08\/HA_CyberSecurity.jpg\",\"width\":1668,\"height\":918},{\"@type\":\"BreadcrumbList\",\"@id\":\"https:\/\/harveyarasan.com\/fr\/responsabilites-des-dirigeants-en-matiere-de-la-cybersecurite-en-vertu-de-la-directive-nis2\/#breadcrumb\",\"itemListElement\":[{\"@type\":\"ListItem\",\"position\":1,\"name\":\"Ana sayfa\",\"item\":\"https:\/\/harveyarasan.com\/fr\/\"},{\"@type\":\"ListItem\",\"position\":2,\"name\":\"Responsabilit\u00e9s des Dirigeants en Mati\u00e8re de la Cybers\u00e9curit\u00e9 en Vertu de la Directive NIS2\"}]},{\"@type\":\"WebSite\",\"@id\":\"https:\/\/harveyarasan.com\/fr\/#website\",\"url\":\"https:\/\/harveyarasan.com\/fr\/\",\"name\":\"\",\"description\":\"\",\"potentialAction\":[{\"@type\":\"SearchAction\",\"target\":{\"@type\":\"EntryPoint\",\"urlTemplate\":\"https:\/\/harveyarasan.com\/fr\/?s={search_term_string}\"},\"query-input\":{\"@type\":\"PropertyValueSpecification\",\"valueRequired\":true,\"valueName\":\"search_term_string\"}}],\"inLanguage\":\"fr-FR\"},{\"@type\":\"Person\",\"@id\":\"https:\/\/harveyarasan.com\/fr\/#\/schema\/person\/fd0e79c5c38bc4bd55b0de4f8838d162\",\"name\":\"Deniz Eray Harvey\",\"image\":{\"@type\":\"ImageObject\",\"inLanguage\":\"fr-FR\",\"@id\":\"https:\/\/harveyarasan.com\/fr\/#\/schema\/person\/image\/\",\"url\":\"https:\/\/secure.gravatar.com\/avatar\/7a217a5e1173d8e3359830abb7bf310110a6050995337ed57d31b90e38e447a6?s=96&d=mm&r=g\",\"contentUrl\":\"https:\/\/secure.gravatar.com\/avatar\/7a217a5e1173d8e3359830abb7bf310110a6050995337ed57d31b90e38e447a6?s=96&d=mm&r=g\",\"caption\":\"Deniz Eray Harvey\"}}]}<\/script>\n<!-- \/ Yoast SEO Premium plugin. -->","yoast_head_json":{"title":"La directive NIS2 - Nouuvelles responsabilit\u00e9s pour les dirigeants -","description":"La directive NIS2 pr\u00e9voit, pour les dirigeants, de nouvelles obligations et responsabilit\u00e9s en mati\u00e8re de renforcement de la cybers\u00e9curit\u00e9.","robots":{"index":"index","follow":"follow","max-snippet":"max-snippet:-1","max-image-preview":"max-image-preview:large","max-video-preview":"max-video-preview:-1"},"canonical":"https:\/\/harveyarasan.com\/fr\/responsabilites-des-dirigeants-en-matiere-de-la-cybersecurite-en-vertu-de-la-directive-nis2\/","og_locale":"fr_FR","og_type":"article","og_title":"Responsabilit\u00e9s des Dirigeants en Mati\u00e8re de la Cybers\u00e9curit\u00e9 en Vertu de la Directive NIS2","og_description":"La directive NIS2 pr\u00e9voit, pour les dirigeants, de nouvelles obligations et responsabilit\u00e9s en mati\u00e8re de renforcement de la cybers\u00e9curit\u00e9.","og_url":"https:\/\/harveyarasan.com\/fr\/responsabilites-des-dirigeants-en-matiere-de-la-cybersecurite-en-vertu-de-la-directive-nis2\/","article_published_time":"2023-11-17T12:42:34+00:00","article_modified_time":"2023-12-06T07:57:22+00:00","og_image":[{"width":1668,"height":918,"url":"http:\/\/harveyarasan.com\/wp-content\/uploads\/2023\/08\/HA_CyberSecurity.jpg","type":"image\/jpeg"}],"author":"Deniz Eray Harvey","twitter_card":"summary_large_image","twitter_misc":{"\u00c9crit par":"Deniz Eray Harvey","Dur\u00e9e de lecture estim\u00e9e":"5 minutes"},"schema":{"@context":"https:\/\/schema.org","@graph":[{"@type":"WebPage","@id":"https:\/\/harveyarasan.com\/fr\/responsabilites-des-dirigeants-en-matiere-de-la-cybersecurite-en-vertu-de-la-directive-nis2\/","url":"https:\/\/harveyarasan.com\/fr\/responsabilites-des-dirigeants-en-matiere-de-la-cybersecurite-en-vertu-de-la-directive-nis2\/","name":"La directive NIS2 - Nouuvelles responsabilit\u00e9s pour les dirigeants -","isPartOf":{"@id":"https:\/\/harveyarasan.com\/fr\/#website"},"primaryImageOfPage":{"@id":"https:\/\/harveyarasan.com\/fr\/responsabilites-des-dirigeants-en-matiere-de-la-cybersecurite-en-vertu-de-la-directive-nis2\/#primaryimage"},"image":{"@id":"https:\/\/harveyarasan.com\/fr\/responsabilites-des-dirigeants-en-matiere-de-la-cybersecurite-en-vertu-de-la-directive-nis2\/#primaryimage"},"thumbnailUrl":"https:\/\/harveyarasan.com\/wp-content\/uploads\/2023\/08\/HA_CyberSecurity.jpg","datePublished":"2023-11-17T12:42:34+00:00","dateModified":"2023-12-06T07:57:22+00:00","author":{"@id":"https:\/\/harveyarasan.com\/fr\/#\/schema\/person\/fd0e79c5c38bc4bd55b0de4f8838d162"},"description":"La directive NIS2 pr\u00e9voit, pour les dirigeants, de nouvelles obligations et responsabilit\u00e9s en mati\u00e8re de renforcement de la cybers\u00e9curit\u00e9.","breadcrumb":{"@id":"https:\/\/harveyarasan.com\/fr\/responsabilites-des-dirigeants-en-matiere-de-la-cybersecurite-en-vertu-de-la-directive-nis2\/#breadcrumb"},"inLanguage":"fr-FR","potentialAction":[{"@type":"ReadAction","target":["https:\/\/harveyarasan.com\/fr\/responsabilites-des-dirigeants-en-matiere-de-la-cybersecurite-en-vertu-de-la-directive-nis2\/"]}]},{"@type":"ImageObject","inLanguage":"fr-FR","@id":"https:\/\/harveyarasan.com\/fr\/responsabilites-des-dirigeants-en-matiere-de-la-cybersecurite-en-vertu-de-la-directive-nis2\/#primaryimage","url":"https:\/\/harveyarasan.com\/wp-content\/uploads\/2023\/08\/HA_CyberSecurity.jpg","contentUrl":"https:\/\/harveyarasan.com\/wp-content\/uploads\/2023\/08\/HA_CyberSecurity.jpg","width":1668,"height":918},{"@type":"BreadcrumbList","@id":"https:\/\/harveyarasan.com\/fr\/responsabilites-des-dirigeants-en-matiere-de-la-cybersecurite-en-vertu-de-la-directive-nis2\/#breadcrumb","itemListElement":[{"@type":"ListItem","position":1,"name":"Ana sayfa","item":"https:\/\/harveyarasan.com\/fr\/"},{"@type":"ListItem","position":2,"name":"Responsabilit\u00e9s des Dirigeants en Mati\u00e8re de la Cybers\u00e9curit\u00e9 en Vertu de la Directive NIS2"}]},{"@type":"WebSite","@id":"https:\/\/harveyarasan.com\/fr\/#website","url":"https:\/\/harveyarasan.com\/fr\/","name":"","description":"","potentialAction":[{"@type":"SearchAction","target":{"@type":"EntryPoint","urlTemplate":"https:\/\/harveyarasan.com\/fr\/?s={search_term_string}"},"query-input":{"@type":"PropertyValueSpecification","valueRequired":true,"valueName":"search_term_string"}}],"inLanguage":"fr-FR"},{"@type":"Person","@id":"https:\/\/harveyarasan.com\/fr\/#\/schema\/person\/fd0e79c5c38bc4bd55b0de4f8838d162","name":"Deniz Eray Harvey","image":{"@type":"ImageObject","inLanguage":"fr-FR","@id":"https:\/\/harveyarasan.com\/fr\/#\/schema\/person\/image\/","url":"https:\/\/secure.gravatar.com\/avatar\/7a217a5e1173d8e3359830abb7bf310110a6050995337ed57d31b90e38e447a6?s=96&d=mm&r=g","contentUrl":"https:\/\/secure.gravatar.com\/avatar\/7a217a5e1173d8e3359830abb7bf310110a6050995337ed57d31b90e38e447a6?s=96&d=mm&r=g","caption":"Deniz Eray Harvey"}}]}},"featured_image_src":"https:\/\/harveyarasan.com\/wp-content\/uploads\/2023\/08\/HA_CyberSecurity-600x400.jpg","featured_image_src_square":"https:\/\/harveyarasan.com\/wp-content\/uploads\/2023\/08\/HA_CyberSecurity-600x600.jpg","author_info":{"display_name":"Deniz Eray Harvey","author_link":"https:\/\/harveyarasan.com\/fr\/author\/denizpanel\/"},"_links":{"self":[{"href":"https:\/\/harveyarasan.com\/fr\/wp-json\/wp\/v2\/posts\/3795","targetHints":{"allow":["GET"]}}],"collection":[{"href":"https:\/\/harveyarasan.com\/fr\/wp-json\/wp\/v2\/posts"}],"about":[{"href":"https:\/\/harveyarasan.com\/fr\/wp-json\/wp\/v2\/types\/post"}],"author":[{"embeddable":true,"href":"https:\/\/harveyarasan.com\/fr\/wp-json\/wp\/v2\/users\/1"}],"replies":[{"embeddable":true,"href":"https:\/\/harveyarasan.com\/fr\/wp-json\/wp\/v2\/comments?post=3795"}],"version-history":[{"count":2,"href":"https:\/\/harveyarasan.com\/fr\/wp-json\/wp\/v2\/posts\/3795\/revisions"}],"predecessor-version":[{"id":3822,"href":"https:\/\/harveyarasan.com\/fr\/wp-json\/wp\/v2\/posts\/3795\/revisions\/3822"}],"wp:featuredmedia":[{"embeddable":true,"href":"https:\/\/harveyarasan.com\/fr\/wp-json\/wp\/v2\/media\/3687"}],"wp:attachment":[{"href":"https:\/\/harveyarasan.com\/fr\/wp-json\/wp\/v2\/media?parent=3795"}],"wp:term":[{"taxonomy":"category","embeddable":true,"href":"https:\/\/harveyarasan.com\/fr\/wp-json\/wp\/v2\/categories?post=3795"},{"taxonomy":"post_tag","embeddable":true,"href":"https:\/\/harveyarasan.com\/fr\/wp-json\/wp\/v2\/tags?post=3795"}],"curies":[{"name":"wp","href":"https:\/\/api.w.org\/{rel}","templated":true}]}}